{"id":999,"date":"2017-12-08T20:08:49","date_gmt":"2017-12-08T19:08:49","guid":{"rendered":"http:\/\/bergischerbiker.de\/wordpress\/?p=999"},"modified":"2018-02-05T15:37:38","modified_gmt":"2018-02-05T14:37:38","slug":"spurwechsel","status":"publish","type":"post","link":"https:\/\/bergischerbiker.de\/wordpress\/2017\/12\/08\/spurwechsel\/","title":{"rendered":"Spurwechsel"},"content":{"rendered":"<p>&#8230;oder, ist es ratsam im Berufsverkehr (nachmittags) innerst\u00e4dtisch auf einer 2 Spurigen Stra\u00dfe als Motorradfahrer unterwegs zu sein ?<\/p>\n<p>Antwort: Nein !<\/p>\n<p>&nbsp;<\/p>\n<p>Die Ausgangslage&#8230;<\/p>\n<p>Das ganze ereignete sich am 28.08.2017 um kurz nach 16 Uhr in Wuppertal. Ich wollte mein Bike (B-King) vor dem anstehenden Alpenurlaub Anfang September noch mal voll tanken und dann geputzt in die Garage stellen (quasi auch als letzte Probefahrt vor dem Urlaub gedacht).<\/p>\n<p>Gesagt, getan, gemacht.<\/p>\n<p>Auf dem R\u00fcckweg von der Tankstelle zur Garage geht es dann ein St\u00fcck \u00fcber eine 4 Spurige (zwei pro Richtung) innerst\u00e4dtische Stra\u00dfe. In Fahrtrichtung rechts befinden sich Parkstreifen, welche eigentlich immer vollst\u00e4ndig von Autos belegt sind (parallel zur Fahrbahn).<\/p>\n<p>Besagter Autofahrer befand sich links von mir auf der linken der beiden Fahrspuren und beabsichtigte nun die Fahrspur zu wechseln.<\/p>\n<p>Das ganze ging relativ flott von statten und es tut auch gar nicht weh, wenn man pl\u00f6tzlich von einem Auto seitlich nach rechts geschoben wird (ist eigentlich ne recht sanfte Nummer, gegen die man allerdings nicht ausrichten kann, au\u00dfer zu bremsen).<\/p>\n<p>Laut Tracklog des Navis schaffte ich es noch die Geschwindigkeit auf knapp \u00fcber 20 km\/h zu reduzieren, bevor es dann kritisch wurde.<\/p>\n<p>Kritisch deshalb, weil wie bereits geschrieben rechts von mir ein Parkstreifen mit geparkten Autos war.<\/p>\n<p>Gl\u00fcck im Ungl\u00fcck hatte ich insofern, das zu dem Zeitpunkt, an dem mir im Prinzip kein Platz mehr zwischen dem Auto links von mir und den geparkten Autos rechts von mir zur Verf\u00fcgung stand, eine L\u00fccke in Form von zwei hinter einander freien Parkplatzfl\u00e4chen befand.<\/p>\n<p>Das war meine Chance und die nutzte ich auch entsprechend der einzigen M\u00f6glichkeit die ich hatte. Scharfer rechts Schwenk im 90\u00b0 Winkel.<\/p>\n<p>H\u00e4tte fast gepasst, nur leider war das n\u00e4chste geparkte Auto bereit so nahe, das ich dort parallel zur Kofferraum\u00f6ffnung (es war ein Ford Courier mit Doppelfl\u00fcgelt\u00fcren) mit meiner linken Seite einschlug, was mich dann infolge dessen auf die rechte Seite zu Boden warf.<\/p>\n<p><img loading=\"lazy\" decoding=\"async\" class=\"alignnone size-medium wp-image-1000\" src=\"https:\/\/bergischerbiker.de\/wordpress\/wp-content\/uploads\/2017\/12\/20170828_164522-300x169.jpg\" alt=\"\" width=\"300\" height=\"169\" srcset=\"https:\/\/bergischerbiker.de\/wordpress\/wp-content\/uploads\/2017\/12\/20170828_164522-300x169.jpg 300w, https:\/\/bergischerbiker.de\/wordpress\/wp-content\/uploads\/2017\/12\/20170828_164522-768x432.jpg 768w, https:\/\/bergischerbiker.de\/wordpress\/wp-content\/uploads\/2017\/12\/20170828_164522-1024x576.jpg 1024w, https:\/\/bergischerbiker.de\/wordpress\/wp-content\/uploads\/2017\/12\/20170828_164522-690x388.jpg 690w, https:\/\/bergischerbiker.de\/wordpress\/wp-content\/uploads\/2017\/12\/20170828_164522-267x150.jpg 267w\" sizes=\"auto, (max-width: 300px) 100vw, 300px\" \/><\/p>\n<p>Der Autofahrer hat es wohl im R\u00fcckspiegel gesehen und ist dann zur Unfallstelle zur\u00fcck gekommen. Andere Verkehrsteilnehmer haben sich im dichten Berufsverkehr nicht weiter daf\u00fcr interessiert&#8230;<\/p>\n<p>Gl\u00fccklicherweise war die Nummer eindeutig.<\/p>\n<p>Was sich leider ein wenig zog, war die Sache mit der Regulierung der gegnerischen Versicherung.<\/p>\n<p>Trotz Anerkennung des Schadens und der Zusage zur Regulierung, zog sich die Sache doch etwas hin.<\/p>\n<p>Gegen Ende Oktober wurde dann ein erster Betrag seitens der Versicherung an den Anwalt \u00fcberwiesen. Anfang Dezember kam dann in so weit Bewegung in die Sache, das mein H\u00e4ndler erste Teile bestellen konnte und ich mit ihm die Liste der verbauten Zubeh\u00f6rteile (zwecks Bestellung) durch ging.<\/p>\n<p>Die Nummer mit dem Schmerzensgeld und der besch\u00e4digten Schutzkleidung l\u00e4uft noch&#8230;<\/p>\n<p>&nbsp;<\/p>\n<p>Den Knaller des Tages schoss allerdings ein anderer Autofahrer ab, welcher sich als der Besitzer eines geparkten Autos (stand hinter dem Ford Courier am Anfang der freien Parkl\u00fccke) erwies.<\/p>\n<p>Als er zu seinem Auto schlenderte schaute er nur auf unser Gr\u00fcppchen (Verursacher, Courier Fahrer, Ich und die Herren von der Polizei) und kommentierte, wof\u00fcr man denn da die Polizei br\u00e4uchte&#8230; Der Motorrad Fahrer hat ja wohl anscheinend nicht aufgepasst und ist dem Ford im verkehr hinten drauf gefahren&#8230; Da braucht man keine Polizei f\u00fcr&#8230; war seine Vermutung zum Unfallhergang \ud83d\ude00<\/p>\n<p>Alle anderen Beteiligten schauten sich ob dieses Beitrags zum vermeintlichen Hergang nur gegenseitig an und kommentierten das mit Kopfsch\u00fctteln ohne ihn weiter zu beachten.<\/p>\n<p>&nbsp;<\/p>\n<p>Fazit der Nummer:<\/p>\n<ul>\n<li>Schaden am Bike laut Gutachter bei \u00fcber \u20ac 5.000<\/li>\n<li>Helm Totalschaden (bin links beim Einschlag in den Courier mit dem Helm angetitscht, was aber f\u00fcr mich selber ohne Folgen blieb und ich hab das auch nur leicht am Helm gesp\u00fcrt. Der Helm selber hat allerdings an der Stelle einen Fingerbreiten Eindruck von mehreren Millimetern tiefe)<\/li>\n<li>Motorradjacke Rukka Flexius Totalschaden (wurde am \u00c4rmel einmal komplett durchgeschnitten und zwar vom Heckscheibenwischer des Couriers, welcher einmal durch meinen Oberarm gepfl\u00fcgt ist. Gab ne sch\u00f6ne Schnittwunde mit Narbenbildung)<\/li>\n<li>Der Ford Courier hatte zwei besch\u00e4digte Heckt\u00fcren, eine geplatzte Heckscheibe (wegen dem raus gerissenen Heckscheibenwischer) und eine defekte Hecksto\u00dfstange<\/li>\n<li>Beim verursachenden Autofahrer war nur etwas Gummiabrieb von meinem Vorderreifen an seiner Felge vorne rechts zur\u00fcck geblieben<\/li>\n<\/ul>\n<p>&nbsp;<\/p>\n<p>Update: <a href=\"https:\/\/bergischerbiker.de\/wordpress\/2018\/02\/05\/spurwechsel-update\/\">Hier geht&#8217;s weiter&#8230;<\/a><\/p>\n","protected":false},"excerpt":{"rendered":"<p>&#8230;oder, ist es ratsam im Berufsverkehr (nachmittags) innerst\u00e4dtisch auf einer 2 Spurigen Stra\u00dfe als Motorradfahrer unterwegs zu sein ? Antwort: Nein ! &nbsp; Die Ausgangslage&#8230; Das ganze ereignete sich am <a class=\"more-link\" href=\"https:\/\/bergischerbiker.de\/wordpress\/2017\/12\/08\/spurwechsel\/\">Weiterlesen\u00a0\u2026<\/a><\/p>\n","protected":false},"author":1,"featured_media":0,"comment_status":"open","ping_status":"closed","sticky":false,"template":"","format":"standard","meta":{"ngg_post_thumbnail":0,"footnotes":""},"categories":[1],"tags":[66,61,65,67,68,64,62,63],"class_list":["post-999","post","type-post","status-publish","format-standard","hentry","category-allgemein","tag-autofahrer","tag-b-king","tag-berufsverkehr","tag-helm","tag-jacke","tag-polizei","tag-unfall","tag-wuppertal"],"_links":{"self":[{"href":"https:\/\/bergischerbiker.de\/wordpress\/wp-json\/wp\/v2\/posts\/999","targetHints":{"allow":["GET"]}}],"collection":[{"href":"https:\/\/bergischerbiker.de\/wordpress\/wp-json\/wp\/v2\/posts"}],"about":[{"href":"https:\/\/bergischerbiker.de\/wordpress\/wp-json\/wp\/v2\/types\/post"}],"author":[{"embeddable":true,"href":"https:\/\/bergischerbiker.de\/wordpress\/wp-json\/wp\/v2\/users\/1"}],"replies":[{"embeddable":true,"href":"https:\/\/bergischerbiker.de\/wordpress\/wp-json\/wp\/v2\/comments?post=999"}],"version-history":[{"count":5,"href":"https:\/\/bergischerbiker.de\/wordpress\/wp-json\/wp\/v2\/posts\/999\/revisions"}],"predecessor-version":[{"id":1067,"href":"https:\/\/bergischerbiker.de\/wordpress\/wp-json\/wp\/v2\/posts\/999\/revisions\/1067"}],"wp:attachment":[{"href":"https:\/\/bergischerbiker.de\/wordpress\/wp-json\/wp\/v2\/media?parent=999"}],"wp:term":[{"taxonomy":"category","embeddable":true,"href":"https:\/\/bergischerbiker.de\/wordpress\/wp-json\/wp\/v2\/categories?post=999"},{"taxonomy":"post_tag","embeddable":true,"href":"https:\/\/bergischerbiker.de\/wordpress\/wp-json\/wp\/v2\/tags?post=999"}],"curies":[{"name":"wp","href":"https:\/\/api.w.org\/{rel}","templated":true}]}}